{"id":9679,"date":"2020-05-27T08:43:17","date_gmt":"2020-05-27T06:43:17","guid":{"rendered":"https:\/\/www.asta-trier.de\/?p=9679"},"modified":"2022-02-19T13:02:54","modified_gmt":"2022-02-19T13:02:54","slug":"urban-gardening-teil-2","status":"publish","type":"post","link":"https:\/\/www.asta-trier.de\/gb\/nachhaltigkeit\/urban-gardening-teil-2\/","title":{"rendered":"Urban Gardening &#8211; Teil 2"},"content":{"rendered":"<br \/>\n<h1>Das Angebot des AStAs<\/h1>\n<p>von Hauptref. Tobi<\/p>\n<p><em>English version below<\/em><\/p>\n<h3 style=\"text-align: justify;\"><b>Hochbeete<\/b><\/h3>\n<p style=\"text-align: justify;\"><span style=\"font-weight: 400;\">An Campus 1 und Campus 2 wurden jeweils zwei Hochbeete aufgestellt. Die Hochbeete d\u00fcrfen von allen Studierenden geerntet werden, aber immer nur so viel, dass die Pflanzen nicht nachhaltig gesch\u00e4digt werden und f\u00fcr andere Studis auch noch gen\u00fcgend \u00fcbrig bleibt. Die Hochbeete befinden sich unten am Studihaus bzw. am Eingang zum F-Geb\u00e4ude in Richtung Mensa. Dieses Jahr haben wir dort folgendes gepflanzt.<\/span><\/p>\n<table style=\"width: 372px;\">\n<tbody>\n<tr>\n<td style=\"width: 122px;\">\n<h4>Campus 1:<\/h4>\n<\/td>\n<td style=\"width: 113px;\">\n<h4>Campus 2:<\/h4>\n<\/td>\n<\/tr>\n<tr>\n<td style=\"width: 122px;\">\n<ul>\n<li>Kapuzinerkresse<\/li>\n<li>Minze<\/li>\n<li>Zitronenmelisse<\/li>\n<li>Oregano<\/li>\n<li>Schnittlauch<\/li>\n<li>Waldmeister<\/li>\n<li>Thymian<\/li>\n<\/ul>\n<\/td>\n<td style=\"width: 113px;\">\n<ul>\n<li>Tomaten<\/li>\n<li>Basilikum und andere Kr\u00e4uter<\/li>\n<\/ul>\n<\/td>\n<\/tr>\n<\/tbody>\n<\/table>\n<h3 style=\"text-align: justify;\"><b>AStA Garten<\/b><\/h3>\n<p style=\"text-align: justify;\"><span style=\"font-weight: 400;\">In der Kleingartenanlage Neu-K\u00fcrenz liegt in der Parzelle 21 unser wundersch\u00f6ner Garten. Dieser wird als R\u00fcckzugsort von naturverbundenen Studis und zum Anbau verschiedenster Pflanzen genutzt. Au\u00dferdem dient er als Ort f\u00fcr kleinere Events, wie beispielsweise Jam-Sessions und soll im Allgemeinen das Umweltbewusstsein der Studis f\u00f6rdern. Vom Campus 2 aus ist unser Garten per Fahrrad in 5 Min. oder zu Fu\u00df in 13 Min. zu erreichen.<\/span><\/p>\n<h4 style=\"text-align: justify;\"><span style=\"font-weight: 400;\">Der Arbeitskreis Garten<\/span><\/h4>\n<p style=\"text-align: justify;\"><span style=\"font-weight: 400;\">Alle interessierten Studierenden k\u00f6nnen Mitglieder im AK Garten werden und f\u00fcr einen Unkostenbeitrag von 5 EUR im Semester gemeinsam im Garten mitpflanzen, mitarbeiten und nat\u00fcrlich auch miternten.Als Gruppe bauen wir verschiedene Nutz- und Zierpflanzen an und verbringen gem\u00fctliche Nachmittage und Abende im Garten.<\/span><\/p>\n<p style=\"text-align: justify;\">Der Garten versteht sich als solidarisches Gemeinschaftsprojekt und bietet dabei eine einfache und g\u00fcnstige M\u00f6glichkeit, Wissen und Erfahrung zu sammeln oder auch weiterzugeben und dabei auch noch ein wenig Obst und Gem\u00fcse zu ernten.<\/p>\n<p style=\"text-align: justify;\">Der Garten ist normalerweise Donnerstags ab 14:00 Uhr f\u00fcr alle ge\u00f6ffnet. Auf Grund der Ma\u00dfnahmen zur Eind\u00e4mmung der Corona-Pandemie gehen wir aber vorerst nur mit Kleingruppen in den Garten. Wer mitmachen m\u00f6chte, muss uns also rechtzeitig eine E-Mail schreiben.<\/p>\n<p style=\"text-align: justify;\">Mitgliedern des AK-Gartens ist es au\u00dferdem auf Absprache auch au\u00dferhalb der \u00d6ffnungszeiten gestattet den Garten zu besuchen und zu nutzen. (Nein, nicht zum Feiern.)<\/p>\n<p style=\"text-align: justify;\">\u00dcber diesen Link findest du den genauen Standort des Gartens:  <a href=\"https:\/\/goo.gl\/maps\/srsgvrSy4uT2\">https:\/\/goo.gl\/maps\/srsgvrSy4uT2<\/a><\/p>\n<h1>The offer of the AStA<\/h1>\n<p>by Hauptref. Tobi<\/p>\n<h3 style=\"text-align: justify;\"><strong>Raised Beds<\/strong><b><br \/>\n<\/b><\/h3>\n<p style=\"text-align: justify;\">Two raised beds were set up on Campus 1 and Campus 2. The raised beds may be harvested by all students, but we ask to only take as much as is necessary, to avoid lasting damage to the plants and to leave enough for other students. The raised beds are located at the bottom of the Studihaus or at the entrance to the F building in the direction of the Mensa. This year we have planted the following there:<\/p>\n<table style=\"width: 372px;\">\n<tbody>\n<tr>\n<td style=\"width: 122px;\">\n<h4>Campus 1:<\/h4>\n<\/td>\n<td style=\"width: 113px;\">\n<h4>Campus 2:<\/h4>\n<\/td>\n<\/tr>\n<tr>\n<td style=\"width: 122px;\">\n<ul>\n<li>Nasturtium<\/li>\n<li>Mint<\/li>\n<li>Lemon balm<\/li>\n<li>Oregano<\/li>\n<li>Chives<\/li>\n<li>Woodruff<\/li>\n<li>Thyme<\/li>\n<\/ul>\n<\/td>\n<td style=\"width: 113px;\">\n<ul>\n<li>Tomatoes<\/li>\n<li>Basil and other herbs<\/li>\n<\/ul>\n<\/td>\n<\/tr>\n<\/tbody>\n<\/table>\n<h3 style=\"text-align: justify;\"><\/h3>\n<h3 style=\"text-align: justify;\"><b>AStA Garden<\/b><\/h3>\n<p style=\"text-align: justify;\">In the allotment garden Neu-K\u00fcrenz our beautiful garden is located in plot 21. It is used as a retreat for nature-loving students and for the cultivation of various plants. It also serves as a place for smaller events, such as jam sessions, and is generally intended to promote the environmental awareness of the students. From Campus 2 our garden can be reached by bike in 5 minutes or on foot in 13 minutes.<\/p>\n<h4 style=\"text-align: justify;\">The garden working group<\/h4>\n<p style=\"text-align: justify;\">All interested students can become members of the garden working group and for a contribution towards expenses of 5 EUR per semester they can plant, work and of course also harvest in the garden together with other students. As a group we grow various useful and ornamental plants and spend cosy afternoons and evenings in the garden.<\/p>\n<p style=\"text-align: justify;\">The garden is a solidary community project and offers a simple and inexpensive possibility to gain or pass on knowledge and experience and also to harvest some fruit and vegetables.<\/p>\n<p style=\"text-align: justify;\">Usually, the garden is open for everyone on Thursdays from 14:00. However, due to the measures taken to contain the Corona pandemic, we are only going into the garden with small groups for the time being. So if you want to join in, you have to send us an e-mail beforehand.<\/p>\n<p style=\"text-align: justify;\">Members of the AK-Garden are also allowed to visit and use the garden outside opening hours by appointment. (No, not to celebrate.<\/p>\n<p style=\"text-align: justify;\">Via this link you can find the exact location of the garden: <a href=\"https:\/\/goo.gl\/maps\/srsgvrSy4uT2\">https:\/\/goo.gl\/maps\/srsgvrSy4uT2<\/a><\/p>\n<p style=\"text-align: justify;\"><em>Translated with the help of DeeL Translator.<\/em><\/p>\n","protected":false},"excerpt":{"rendered":"<p>Heute besch\u00e4ftigen wir uns mit den Angeboten des AStA der Universit\u00e4t Trier. \/\/\/ Today we are dealing with the offers of the AStA of the University of Trier.<\/p>\n","protected":false},"author":4,"featured_media":9683,"comment_status":"closed","ping_status":"closed","sticky":false,"template":"","format":"standard","meta":{"neve_meta_sidebar":"","neve_meta_container":"","neve_meta_enable_content_width":"","neve_meta_content_width":0,"neve_meta_title_alignment":"","neve_meta_author_avatar":"","neve_post_elements_order":"","neve_meta_disable_header":"","neve_meta_disable_footer":"","neve_meta_disable_title":"","footnotes":""},"categories":[12,31],"tags":[],"class_list":["post-9679","post","type-post","status-publish","format-standard","has-post-thumbnail","hentry","category-nachhaltigkeit","category-themenwochen"],"translation":{"provider":"WPGlobus","version":"3.0.2","language":"gb","enabled_languages":["de","gb"],"languages":{"de":{"title":true,"content":true,"excerpt":true},"gb":{"title":false,"content":false,"excerpt":false}}},"_links":{"self":[{"href":"https:\/\/www.asta-trier.de\/gb\/wp-json\/wp\/v2\/posts\/9679","targetHints":{"allow":["GET"]}}],"collection":[{"href":"https:\/\/www.asta-trier.de\/gb\/wp-json\/wp\/v2\/posts"}],"about":[{"href":"https:\/\/www.asta-trier.de\/gb\/wp-json\/wp\/v2\/types\/post"}],"author":[{"embeddable":true,"href":"https:\/\/www.asta-trier.de\/gb\/wp-json\/wp\/v2\/users\/4"}],"replies":[{"embeddable":true,"href":"https:\/\/www.asta-trier.de\/gb\/wp-json\/wp\/v2\/comments?post=9679"}],"version-history":[{"count":1,"href":"https:\/\/www.asta-trier.de\/gb\/wp-json\/wp\/v2\/posts\/9679\/revisions"}],"predecessor-version":[{"id":11096,"href":"https:\/\/www.asta-trier.de\/gb\/wp-json\/wp\/v2\/posts\/9679\/revisions\/11096"}],"wp:featuredmedia":[{"embeddable":true,"href":"https:\/\/www.asta-trier.de\/gb\/wp-json\/"}],"wp:attachment":[{"href":"https:\/\/www.asta-trier.de\/gb\/wp-json\/wp\/v2\/media?parent=9679"}],"wp:term":[{"taxonomy":"category","embeddable":true,"href":"https:\/\/www.asta-trier.de\/gb\/wp-json\/wp\/v2\/categories?post=9679"},{"taxonomy":"post_tag","embeddable":true,"href":"https:\/\/www.asta-trier.de\/gb\/wp-json\/wp\/v2\/tags?post=9679"}],"curies":[{"name":"wp","href":"https:\/\/api.w.org\/{rel}","templated":true}]}}