{"id":396,"date":"2021-11-15T15:35:00","date_gmt":"2021-11-15T15:35:00","guid":{"rendered":"https:\/\/2022.asta-trier.de\/?p=396"},"modified":"2022-03-08T23:04:41","modified_gmt":"2022-03-08T23:04:41","slug":"stellungnahme-swt","status":"publish","type":"post","link":"https:\/\/www.asta-trier.de\/gb\/stellungnahme\/stellungnahme-swt\/","title":{"rendered":"Stellungnahme zur Streichung von Buslinien der SWT"},"content":{"rendered":"\n<h5 class=\"has-medium-font-size wp-block-heading\" id=\"drastische-einschnitte-in-das-studentische-leben-durch-aktuelle-anderungen-der-busfahrplane\" style=\"font-style:normal;font-weight:300\">Drastische Einschnitte in das studentische Leben durch aktuelle \u00c4nderungen der Busfahrpl\u00e4ne<\/h5>\n\n\n\n<div class=\"wp-block-file\"><a id=\"wp-block-file--media-0c6ca529-1b44-4405-9303-8c5711ef88fa\" href=\"https:\/\/www.asta-trier.de\/wp-content\/uploads\/2022\/02\/Stellungnahme-SWT-Fahrplan-und-Preisanpassungen.pdf\">Stellungnahme SWT Fahrplan- und Preisanpassungen<\/a><a href=\"https:\/\/www.asta-trier.de\/wp-content\/uploads\/2022\/02\/Stellungnahme-SWT-Fahrplan-und-Preisanpassungen.pdf\" class=\"wp-block-file__button\" download aria-describedby=\"wp-block-file--media-0c6ca529-1b44-4405-9303-8c5711ef88fa\">Herunterladen<\/a><\/div>\n\n\n\n<p><\/p>\n\n\n\n<p>Als ASten der Universit\u00e4t und der Hochschule Trier haben wir die Berichterstattung vom 29. Oktober mit Unverst\u00e4ndnis verfolgt: Die Stadtwerke (SWT) haben kurzfristig verk\u00fcndet, dass aus Personalmangel mehrere Linien (zusammen-) gestrichen wurden. Linie 14, die Universit\u00e4ts-Campus I, II und die Hochschule miteinander verbunden hat, entf\u00e4llt g\u00e4nzlich und bei den 80er-Linien entfallen donnerstags und freitags die Nachtfahrten nach 00:15 Uhr.<\/p>\n\n\n\n<p>Als gew\u00e4hlte Vertretungen der Studierendenschaft dr\u00e4ngt sich uns der Eindruck auf, dass die Perspektive vieler junger Menschen bei diesen Entscheidungen keine Rolle gespielt hat. Dieser Eindruck wird dadurch verst\u00e4rkt, dass die Studierendenvertretungen in den Entscheidungsprozess nicht mit einbezogen wurden und wir, genauso wie Hochschulleitungen und Studierendenwerk erst aus der Lokalpresse davon erfuhren. Die wirtschaftlichen und finanziellen Auswirkungen dieser Entscheidung sind in unseren Augen gravierend:<br>W\u00e4hrend der Corona-Semester waren Studierende weiterhin verpflichtet, den vollen Preis f\u00fcr das Semesterticket zu zahlen, obgleich sie es \u2013 begr\u00fcndeterweise \u2013 nicht nutzen konnten oder durften. Trotz mehrfacher Anregung seitens studentischer Vertreter*innen wurde nicht nach M\u00f6glichkeiten gesucht, Studis hier finanziell zu entlasten. Danach wurde das Fahrtenangebot sp\u00fcrbar reduziert wieder aufgenommen, der Beitrag f\u00fcr das Semesterticket blieb jedoch gleich. Und nun, wo Universit\u00e4t und Hochschule wieder in Pr\u00e4senz stattfinden, werden nach wenigen Wochen Normalit\u00e4t die Angebote wieder gek\u00fcrzt, w\u00e4hrend f\u00fcr das n\u00e4chste Jahr sogar eine Beitragserh\u00f6hung beschlossen wurde.<br>Um das zu verdeutlichen: Der Semesterbeitrag betr\u00e4gt an der Universit\u00e4t aktuell 269,10\u20ac. Davon sind 148,10\u20ac f\u00fcr das Semesterticket vorgesehen (https:\/\/www.uni-trier.de\/index.php?id=742).<br>An der Hochschule betr\u00e4gt der Semesterbeitrag 119,32\u20ac, davon sind 88,77\u20ac f\u00fcr das Semesterticket vorgesehen (https:\/\/www.hochschule-trier.de\/gestaltung\/es\/landingpages\/semesterbeitrag-io). (Korrektur: Der Semesterbeitrag f\u00fcr die Hochschule betr\u00e4gt 271,10\u20ac; Der von uns verwendete Beitrag ist jener f\u00fcr Ersteinschreibende)<\/p>\n\n\n\n<p>Jede*r Studierende muss diesen Betrag bezahlen, jedes Semester. Bei etwa 12.000 Studierenden an der Universit\u00e4t Trier (https:\/\/www.uni-trier.de\/universitaet\/hochschulportraet\/zahlen-und-fakten) und 6951 an der Hochschule (https:\/\/www.hochschule-trier.de\/hochschule\/hochschulportraet\/zahlen-und-fakten) sind es, dieses Semester eingerechnet, 9.576.961,08\u20ac, die die letzten vier Semester an die SWT gingen.<br>Diese Summe stellt f\u00fcr viele Studierende eine enorme finanzielle Belastung da, auch wenn man ihren Nutzen anerkennt. Zumindest in Corona-Zeiten, bei dauerhaft reduziertem Angebot und Jobverlust bei vielen w\u00e4re ein Entgegenkommen unserer Meinung nach angebracht gewesen.<\/p>\n\n\n\n<p>Gleichzeitig findet auch das Arbeitsleben vieler Studierender abends oder nachts statt, sei es in der Gastronomie, Veranstaltungsbranche oder Anderem. Diese k\u00f6nnen nun m\u00f6glicherweise ihre Jobs nicht mehr aus\u00fcben in einer Zeit, in der die finanzielle Situation vieler Studierender noch schwieriger ist als ohnehin schon. Damit f\u00e4llt oftmals lebenswichtiges Einkommen weg. Das finden wir nicht gerecht.<\/p>\n\n\n\n<p>Nach gut 1,5 Jahren Pandemie kehren Hochschule und Universit\u00e4t endlich wieder zu Pr\u00e4senz zur\u00fcck. Auch als sozialer Raum haben sie schmerzlich gefehlt. Tausende junge Menschen ziehen deshalb Semester \u00fcbergreifend erstmals nach Trier, bzw. in Reichweite des Campus, um die Stadt, in der eine pr\u00e4gende Zeit ihres Lebens stattfinden wird, und ihre Kommiliton*innen kennenzulernen. Feiern gehen, Kneipentouren, Filmabende, etc. sind dabei f\u00fcr Viele entscheidende Faktoren f\u00fcr ein gesundes Sozialleben als Erg\u00e4nzung zum Unialltag. Durch die Streichung der Nachtfahrten wird ausgerechnet zum Semesterstart die Verbindung zwischen Wohnheimen und Innenstadt in den entscheidenden Zeiten gekappt. Auch und gerade Donnerstag und Freitag sind wichtige Tage, um sich f\u00fcr einen Abend mit Freund*innen zu treffen. Viel zu oft haben wir es schon w\u00e4hrend der Sommermonate erlebt (w\u00e4hrend denen die Nachtbusse nach Corona auch nicht wieder angeboten wurden), dass sich schon gegen zw\u00f6lf Uhr die Gruppen teilen mussten, damit die eine H\u00e4lfte noch zur\u00fcck in ihre Wohnung oder WG-Zimmer auf dem Petrisberg kam.<\/p>\n\n\n\n<p>Gleichzeitig sind wir uns der momentanen Infektionszahlen bewusst und rufen deshalb alle Studierenden auf, verantwortungsbewusst mit der Situation umzugehen!<\/p>\n\n\n\n<p>Insbesondere f\u00fcr weiblich oder queer* gelesene Personen ist die Situation nicht nur eine Unannehmlichkeit. Es stellt sie auch vor die Wahl, abends Freund*innen zu treffen oder einen Club<br>zu besuchen oder stattdessen f\u00fcr die eigene Sicherheit zuhause zu bleiben. Tatsache ist, dass weibliche und queere* Personen besonders gef\u00e4hrdet sind, wenn sie (alleine) nachts unterwegs sind, da \u00dcbergriffe auf diese Gruppen h\u00e4ufig vorkommen. Dass Studierende ihre eigene Sicherheit bei (langen) Heimwegen aufs Spiel setzen m\u00fcssen, um am studentischen Sozialleben teilnehmen zu k\u00f6nnen, ist f\u00fcr uns nicht hinnehmbar.<\/p>\n\n\n\n<p>Als AStA der Universit\u00e4t beklagen wir au\u00dferdem, dass das Studihaus als wichtigste Location f\u00fcr Semesterparties oder \u00e4hnliche Veranstaltungen empfindlich geschw\u00e4cht wird, da die Sto\u00dfzeiten sich oft zwischen zw\u00f6lf und zwei Uhr bewegen. Durch den fehlenden Busverkehr wird so manche Veranstaltung, die f\u00fcr viele Studierende f\u00fcr den Austausch innerhalb des eigenen Faches wichtig sind, nicht mehr stattfinden k\u00f6nnen.<\/p>\n\n\n\n<p>Wir verstehen die schwierige Lage, in denen sich die SWT aufgrund von Personalausf\u00e4llen befinden. Dennoch halten wir es f\u00fcr unsere Pflicht als demokratisch legitimierte Studierendenvertretungen, auf die studentische Perspektive und Schieflage aufmerksam zu machen. Weder die finanziellen N\u00f6te der Pandemiezeit noch die aktuellen Personaln\u00f6te sollten auf dem R\u00fccken der Studis ausgetragen werden.<\/p>\n\n\n\n<p>Trier, den 15.11. 2021<\/p>\n\n\n\n<p>Rudy Bernard Cruz f\u00fcr den AStA der Universit\u00e4t Trier<br>Annika Kiefer f\u00fcr den AStA der Hochschule Trier<\/p>\n","protected":false},"excerpt":{"rendered":"<p>Drastische Einschnitte in das studentische Leben durch aktuelle \u00c4nderungen der Busfahrpl\u00e4ne Als ASten der Universit\u00e4t und der Hochschule Trier haben wir die Berichterstattung vom 29. Oktober mit Unverst\u00e4ndnis verfolgt: Die Stadtwerke (SWT) haben kurzfristig verk\u00fcndet, dass aus Personalmangel mehrere Linien (zusammen-) gestrichen wurden. Linie 14, die Universit\u00e4ts-Campus I, II und die Hochschule miteinander verbunden hat,&hellip;&nbsp;<a href=\"https:\/\/www.asta-trier.de\/gb\/stellungnahme\/stellungnahme-swt\/\" rel=\"bookmark\">Read More &raquo;<span class=\"screen-reader-text\">Stellungnahme zur Streichung von Buslinien der SWT<\/span><\/a><\/p>\n","protected":false},"author":4,"featured_media":0,"comment_status":"closed","ping_status":"closed","sticky":false,"template":"","format":"standard","meta":{"neve_meta_sidebar":"full-width","neve_meta_container":"","neve_meta_enable_content_width":"","neve_meta_content_width":0,"neve_meta_title_alignment":"","neve_meta_author_avatar":"","neve_post_elements_order":"[\"title\",\"meta\",\"thumbnail\",\"content\",\"post-navigation\"]","neve_meta_disable_header":"","neve_meta_disable_footer":"","neve_meta_disable_title":"","footnotes":""},"categories":[13,11],"tags":[],"class_list":["post-396","post","type-post","status-publish","format-standard","hentry","category-archiv","category-stellungnahme"],"translation":{"provider":"WPGlobus","version":"3.0.2","language":"gb","enabled_languages":["de","gb"],"languages":{"de":{"title":true,"content":true,"excerpt":false},"gb":{"title":false,"content":false,"excerpt":false}}},"_links":{"self":[{"href":"https:\/\/www.asta-trier.de\/gb\/wp-json\/wp\/v2\/posts\/396","targetHints":{"allow":["GET"]}}],"collection":[{"href":"https:\/\/www.asta-trier.de\/gb\/wp-json\/wp\/v2\/posts"}],"about":[{"href":"https:\/\/www.asta-trier.de\/gb\/wp-json\/wp\/v2\/types\/post"}],"author":[{"embeddable":true,"href":"https:\/\/www.asta-trier.de\/gb\/wp-json\/wp\/v2\/users\/4"}],"replies":[{"embeddable":true,"href":"https:\/\/www.asta-trier.de\/gb\/wp-json\/wp\/v2\/comments?post=396"}],"version-history":[{"count":7,"href":"https:\/\/www.asta-trier.de\/gb\/wp-json\/wp\/v2\/posts\/396\/revisions"}],"predecessor-version":[{"id":12401,"href":"https:\/\/www.asta-trier.de\/gb\/wp-json\/wp\/v2\/posts\/396\/revisions\/12401"}],"wp:attachment":[{"href":"https:\/\/www.asta-trier.de\/gb\/wp-json\/wp\/v2\/media?parent=396"}],"wp:term":[{"taxonomy":"category","embeddable":true,"href":"https:\/\/www.asta-trier.de\/gb\/wp-json\/wp\/v2\/categories?post=396"},{"taxonomy":"post_tag","embeddable":true,"href":"https:\/\/www.asta-trier.de\/gb\/wp-json\/wp\/v2\/tags?post=396"}],"curies":[{"name":"wp","href":"https:\/\/api.w.org\/{rel}","templated":true}]}}