{"id":17037,"date":"2025-01-27T13:06:16","date_gmt":"2025-01-27T13:06:16","guid":{"rendered":"https:\/\/www.asta-trier.de\/?p=17037"},"modified":"2025-01-29T09:11:08","modified_gmt":"2025-01-29T09:11:08","slug":"asta-sitzung-am-29-01-2025","status":"publish","type":"post","link":"https:\/\/www.asta-trier.de\/gb\/sitzung\/asta-sitzung-am-29-01-2025\/","title":{"rendered":"AStA-Sitzung am 29.01.2025"},"content":{"rendered":"\n<p>Einladung zur AStA-Sitzung<\/p>\n\n\n\n<p>Liebe AStArier:innen, Fachschaften und Studierende,<br><br>hiermit laden wir euch herzlich zur konstituierenden AStA-Sitzung ein.<br>Sie findet unter nachfolgender vorl\u00e4ufiger Tagesordnung am <strong>Mittwoch, den 29.01.2025 um 16:30 im Studihaus<\/strong> sowie <strong>AUF ANFRAGE \u00fcber untenstehenden Zoom-Link<\/strong> statt. Bitte meldet euch bis um 14 Uhr am Sitzungstag an, wenn ihr hybrid teilnehmen wollt.<br><strong>Referate &amp; AKs: <\/strong>Antr\u00e4ge m\u00fcssen den Referaten bis <strong>Mo. 27.01.2025 um 18:00 Uhr <\/strong>zugehen.<br><br><strong>Studierende, Fachschaften und Hochschulgruppen<\/strong>: Antr\u00e4ge m\u00fcssen dem KoMi-B\u00fcro schriftlich <strong>bis zum Beginn der Sitzung<\/strong> vorliegen.<br><br>Zoom-Link: <a href=\"https:\/\/uni-trier.zoom-x.de\/j\/65413111849?pwd=eVhrL01JQWRUK1VwUmdqR25ETFdWQT09\">https:\/\/uni-trier.zoom-x.de\/j\/65413111849?pwd=eVhrL01JQWRUK1VwUmdqR25ETFdWQT09<\/a><br>Kenncode: k2LKkiUM<br><br><strong>Vorl\u00e4ufige Tagesordnung:<\/strong><br>TOP 0: Begr\u00fc\u00dfung und Formalia<br>TOP 1: Gesch\u00e4ftsordnung<br>TOP 2: Wahl von Co-Referent:innen und freien Mitarbeitenden<br>TOP 2.1: B\u00fcro des Koordinierenden Mitglieds<br>TOP 2.2: Finanzreferat<br>TOP 2.3: Kulturreferat<br>TOP 2.4: Sozialreferat<br>TOP 2.5: Referat f\u00fcr Hochschulpolitik<br>TOP 2.6: Referat f\u00fcr Politische Bildung<br>TOP 2.7: Referat f\u00fcr Antirassismus, Antifaschismus und gegen jeden Antisemitismus<br>TOP 2.8: Referat f\u00fcr Nachhaltigkeit<br>TOP 3: Vorstellung und Best\u00e4tigung von freien Mitarbeitenden<br>TOP 4: Genderplena<br>TOP 4.1: Wahl der:des Frauen*beauftragten<br>TOP 5: Wahl der:des Gleichstellungsbeauftragten<br>TOP 6: Wahl der:des Inklusionsbeauftragten sowie der:des stellvertretenden Inklusionsbeauftragten<br>TOP 6: Wahl der:des Beauftragten f\u00fcr \u00d6ffentlichkeitsarbeit<br>TOP 7: Wahl der:des Beauftragten f\u00fcr das Internationale Zentrum (IZ)<br>TOP 8: Wahl von AK Leiter:innen<br>TOP 9: Antr\u00e4ge<br>TOP 10: Austausch der Referate<br>TOP 11: Berichte aus Gremien<br>TOP 12: Sonstiges<\/p>\n","protected":false},"excerpt":{"rendered":"<p>Einladung zur AStA-Sitzung Liebe AStArier:innen, Fachschaften und Studierende, hiermit laden wir euch herzlich zur konstituierenden AStA-Sitzung ein.Sie findet unter nachfolgender vorl\u00e4ufiger Tagesordnung am Mittwoch, den 29.01.2025 um 16:30 im Studihaus sowie AUF ANFRAGE \u00fcber untenstehenden Zoom-Link statt. Bitte meldet euch bis um 14 Uhr am Sitzungstag an, wenn ihr hybrid teilnehmen wollt.Referate &amp; AKs: Antr\u00e4ge&hellip;&nbsp;<a href=\"https:\/\/www.asta-trier.de\/gb\/sitzung\/asta-sitzung-am-29-01-2025\/\" rel=\"bookmark\">Read More &raquo;<span class=\"screen-reader-text\">AStA-Sitzung am 29.01.2025<\/span><\/a><\/p>\n","protected":false},"author":24,"featured_media":0,"comment_status":"open","ping_status":"open","sticky":false,"template":"","format":"standard","meta":{"neve_meta_sidebar":"","neve_meta_container":"","neve_meta_enable_content_width":"","neve_meta_content_width":0,"neve_meta_title_alignment":"","neve_meta_author_avatar":"","neve_post_elements_order":"","neve_meta_disable_header":"","neve_meta_disable_footer":"","neve_meta_disable_title":"","footnotes":""},"categories":[9],"tags":[],"class_list":["post-17037","post","type-post","status-publish","format-standard","hentry","category-sitzung"],"translation":{"provider":"WPGlobus","version":"3.0.2","language":"gb","enabled_languages":["de","gb"],"languages":{"de":{"title":true,"content":true,"excerpt":false},"gb":{"title":false,"content":false,"excerpt":false}}},"_links":{"self":[{"href":"https:\/\/www.asta-trier.de\/gb\/wp-json\/wp\/v2\/posts\/17037","targetHints":{"allow":["GET"]}}],"collection":[{"href":"https:\/\/www.asta-trier.de\/gb\/wp-json\/wp\/v2\/posts"}],"about":[{"href":"https:\/\/www.asta-trier.de\/gb\/wp-json\/wp\/v2\/types\/post"}],"author":[{"embeddable":true,"href":"https:\/\/www.asta-trier.de\/gb\/wp-json\/wp\/v2\/users\/24"}],"replies":[{"embeddable":true,"href":"https:\/\/www.asta-trier.de\/gb\/wp-json\/wp\/v2\/comments?post=17037"}],"version-history":[{"count":2,"href":"https:\/\/www.asta-trier.de\/gb\/wp-json\/wp\/v2\/posts\/17037\/revisions"}],"predecessor-version":[{"id":17053,"href":"https:\/\/www.asta-trier.de\/gb\/wp-json\/wp\/v2\/posts\/17037\/revisions\/17053"}],"wp:attachment":[{"href":"https:\/\/www.asta-trier.de\/gb\/wp-json\/wp\/v2\/media?parent=17037"}],"wp:term":[{"taxonomy":"category","embeddable":true,"href":"https:\/\/www.asta-trier.de\/gb\/wp-json\/wp\/v2\/categories?post=17037"},{"taxonomy":"post_tag","embeddable":true,"href":"https:\/\/www.asta-trier.de\/gb\/wp-json\/wp\/v2\/tags?post=17037"}],"curies":[{"name":"wp","href":"https:\/\/api.w.org\/{rel}","templated":true}]}}