{"id":15025,"date":"2023-07-17T10:53:30","date_gmt":"2023-07-17T10:53:30","guid":{"rendered":"https:\/\/www.asta-trier.de\/?p=15025"},"modified":"2024-06-03T10:31:18","modified_gmt":"2024-06-03T10:31:18","slug":"stellenausschreibung-asta-sekretariat","status":"publish","type":"post","link":"https:\/\/www.asta-trier.de\/gb\/uncategorized\/stellenausschreibung-asta-sekretariat\/","title":{"rendered":"Stellenausschreibung- AStA Sekretariat"},"content":{"rendered":"\n<p>Der Allgemeine Studierendenausschuss der Universit\u00e4t Trier sucht zum 01.09.2023 eine*n Mitarbeiter*in f\u00fcr das AStA Sekretariat im Raum B15.<\/p>\n\n\n\n<p>(Bewerbungsschluss 15.08.23)<\/p>\n\n\n\n<p><strong>\u00dcBER UNS<\/strong><\/p>\n\n\n\n<p>Der AStA ist die von Studierenden gew\u00e4hlte Vertretung und Gesch\u00e4ftsf\u00fchrung der Studierendenschaft. Mit den Mitteln aus den Semesterbeitr\u00e4gen der Studierenden organisiert und finanziert der AStA eine Vielzahl von Veranstaltungen und Angeboten. Einige Services werden durch die ca. 12 Angestellten des AStA realisiert, z.B. die Umzugswagenvermietung und unser Caf\u00e9. Der AStA wird von ehrenamtlichen Referent*innen geleitet. Weitere Infos findest du unter asta-trier.de.<\/p>\n\n\n\n<p><strong>AUFGABEN<\/strong><\/p>\n\n\n\n<div class=\"wp-block-group is-vertical is-layout-flex wp-container-core-group-is-layout-8cf370e7 wp-block-group-is-layout-flex\">\n<p>\u2022 Unterst\u00fctzung bei allgemeinen Verwaltungsaufgaben (z.B. Verteilung der Post, Aufgeben von Bestellungen, Inventarverwaltung, Archivpflege &amp; Wissensmanagement, Aufsetzen von Bescheinigungen)<\/p>\n\n\n\n<p>\u2022 Unterst\u00fctzen in der \u00d6ffentlichkeitsarbeit (z.B. Posten von Social Media Beitr\u00e4gen, Aktualisierung der Webseiten, Bearbeitung von Anfragen und Weiterleitung an zust\u00e4ndige Stellen, Aktualisierung von Infomaterial, Moderation von Kommentaren, Erstellen von SharePics gem\u00e4\u00df Vorlagen)<\/p>\n\n\n\n<p>\u2022 Betreiben des AStA Shops in B15 (Verkauf &amp; Verleih von Artikeln).<\/p>\n<\/div>\n\n\n\n<p><\/p>\n\n\n\n<p><strong>VORRAUSSETZUNGEN<\/strong><\/p>\n\n\n\n<div class=\"wp-block-group is-vertical is-layout-flex wp-container-core-group-is-layout-8cf370e7 wp-block-group-is-layout-flex\">\n<p>\u2022 Freude an Arbeit in ehrenamtlichen Strukturen<\/p>\n\n\n\n<p>\u2022 Zuverl\u00e4ssigkeit und Teamf\u00e4higkeit<\/p>\n\n\n\n<p>\u2022 Strukturiertes und selbstst\u00e4ndiges Arbeiten<\/p>\n\n\n\n<p>\u2022 Sehr gute Kommunikationsf\u00e4higkeit<\/p>\n\n\n\n<p>\u2022 Flie\u00dfende Deutschkenntnisse in Wort und Schrift<\/p>\n\n\n\n<p>\u2022 Gute Englischkenntnisse<\/p>\n\n\n\n<p>\u2022 Affinit\u00e4t f\u00fcr digitale Dienste \/ Motivation zur Einarbeitung (z.B. WordPress, Canva)<\/p>\n\n\n\n<p>\u2022 Sichere Beherrschung von Office-Programmen<\/p>\n\n\n\n<p>\u2022 Sicherer Umgang mit Social Media Diensten (Facebook, Instagram)<\/p>\n\n\n\n<p>\u2022 Bereitschaft sich in die Strukturen der Verfassten Studierendenschaft einzuarbeiten und darauf einzulassen<\/p>\n\n\n\n<p><\/p>\n<\/div>\n\n\n\n<p><strong>Von Vorteil sind:<\/strong><\/p>\n\n\n\n<div class=\"wp-block-group is-vertical is-layout-flex wp-container-core-group-is-layout-8cf370e7 wp-block-group-is-layout-flex\">\n<p>\u2022 Erfahrungen mit Content-Management-Systemen (WordPress und Typo3)<\/p>\n\n\n\n<p>\u2022 Erfahrungen mit Grafikdesign-Plattformen wie Canva<\/p>\n\n\n\n<p>\u2022 Kenntnisse \u00fcber die Strukturen der Verfassten Studierendenschaft der Uni Trier<\/p>\n\n\n\n<p>\u2022 Erfahrungen in der Administration von Facebook und Instagram Seiten<\/p>\n\n\n\n<p>\u2022 Verf\u00fcgbarkeit Montag bis Mittwoch oder Mittwoch und Donnerstag<\/p>\n<\/div>\n\n\n\n<p><\/p>\n\n\n\n<p><strong>WIR BIETEN<\/strong><\/p>\n\n\n\n<div class=\"wp-block-group is-vertical is-layout-flex wp-container-core-group-is-layout-8cf370e7 wp-block-group-is-layout-flex\">\n<p>\u2022 Arbeitsplatz direkt an der Uni<\/p>\n\n\n\n<p>\u2022 Mitsprache in der Arbeitszeitgestaltung &amp; Vertrauensarbeitszeit<\/p>\n\n\n\n<p>\u2022 Flache Hierarchien und selbstbestimmtes Arbeiten<\/p>\n\n\n\n<p>\u2022 Ber\u00fccksichtigung privater Termine (Klausuren, Kinderbetreuung)<\/p>\n\n\n\n<p>\u2022 Individuelle Einarbeitung<\/p>\n\n\n\n<p>\u2022 Abwechslungsreiche Arbeitsbereiche<\/p>\n\n\n\n<p>\u2022 Freiwillige Zuverdienstm\u00f6glichkeiten durch Urlaubs- und Krankheitsvertretung<\/p>\n<\/div>\n\n\n\n<p><\/p>\n\n\n\n<p><strong>SONSTIGES<\/strong><\/p>\n\n\n\n<div class=\"wp-block-group is-vertical is-layout-flex wp-container-core-group-is-layout-8cf370e7 wp-block-group-is-layout-flex\">\n<p>\u2022 Lohn: 12\u20ac\/Stunde<\/p>\n\n\n\n<p>\u2022 Umfang: ca. 14 Stunden\/Woche, maximal 18 (in den Semesterferien nur 50%).<\/p>\n\n\n\n<p>\u2022 Arbeitszeit: I.d.R. an zwei bis drei Tagen Montag bis Donnerstag<\/p>\n\n\n\n<p>\u2022 (Nach Absprache mit deiner\/deinem Kolleg*in ist es m\u00f6glich die Wochen in den Semesterferien untereinander aufzuteilen)<\/p>\n\n\n\n<p>\u2022 Gerne vereinbaren wir ein bezahltes Probearbeiten<\/p>\n<\/div>\n\n\n\n<p>Wir freuen uns \u00fcber deine Bewerbung an: bewerbung@asta-trier.de<\/p>\n\n\n\n<p>Die Bewerbung sollte ein kurzes Motivationsschreiben (ca. \u00bc Seite) und einen Lebenslauf enthalten. Bewerbungen gerne ohne Foto.<\/p>\n","protected":false},"excerpt":{"rendered":"<p>Der Allgemeine Studierendenausschuss der Universit\u00e4t Trier sucht zum 01.09.2023 eine*n Mitarbeiter*in f\u00fcr das AStA Sekretariat im Raum B15. (Bewerbungsschluss 15.08.23) \u00dcBER UNS Der AStA ist die von Studierenden gew\u00e4hlte Vertretung und Gesch\u00e4ftsf\u00fchrung der Studierendenschaft. Mit den Mitteln aus den Semesterbeitr\u00e4gen der Studierenden organisiert und finanziert der AStA eine Vielzahl von Veranstaltungen und Angeboten. Einige Services&hellip;&nbsp;<a href=\"https:\/\/www.asta-trier.de\/gb\/uncategorized\/stellenausschreibung-asta-sekretariat\/\" rel=\"bookmark\">Read More &raquo;<span class=\"screen-reader-text\">Stellenausschreibung- AStA Sekretariat<\/span><\/a><\/p>\n","protected":false},"author":24,"featured_media":0,"comment_status":"open","ping_status":"open","sticky":false,"template":"","format":"standard","meta":{"neve_meta_sidebar":"","neve_meta_container":"","neve_meta_enable_content_width":"","neve_meta_content_width":0,"neve_meta_title_alignment":"","neve_meta_author_avatar":"","neve_post_elements_order":"","neve_meta_disable_header":"","neve_meta_disable_footer":"","neve_meta_disable_title":"","footnotes":""},"categories":[1],"tags":[],"class_list":["post-15025","post","type-post","status-publish","format-standard","hentry","category-uncategorized"],"translation":{"provider":"WPGlobus","version":"3.0.2","language":"gb","enabled_languages":["de","gb"],"languages":{"de":{"title":true,"content":true,"excerpt":false},"gb":{"title":false,"content":false,"excerpt":false}}},"_links":{"self":[{"href":"https:\/\/www.asta-trier.de\/gb\/wp-json\/wp\/v2\/posts\/15025","targetHints":{"allow":["GET"]}}],"collection":[{"href":"https:\/\/www.asta-trier.de\/gb\/wp-json\/wp\/v2\/posts"}],"about":[{"href":"https:\/\/www.asta-trier.de\/gb\/wp-json\/wp\/v2\/types\/post"}],"author":[{"embeddable":true,"href":"https:\/\/www.asta-trier.de\/gb\/wp-json\/wp\/v2\/users\/24"}],"replies":[{"embeddable":true,"href":"https:\/\/www.asta-trier.de\/gb\/wp-json\/wp\/v2\/comments?post=15025"}],"version-history":[{"count":7,"href":"https:\/\/www.asta-trier.de\/gb\/wp-json\/wp\/v2\/posts\/15025\/revisions"}],"predecessor-version":[{"id":16549,"href":"https:\/\/www.asta-trier.de\/gb\/wp-json\/wp\/v2\/posts\/15025\/revisions\/16549"}],"wp:attachment":[{"href":"https:\/\/www.asta-trier.de\/gb\/wp-json\/wp\/v2\/media?parent=15025"}],"wp:term":[{"taxonomy":"category","embeddable":true,"href":"https:\/\/www.asta-trier.de\/gb\/wp-json\/wp\/v2\/categories?post=15025"},{"taxonomy":"post_tag","embeddable":true,"href":"https:\/\/www.asta-trier.de\/gb\/wp-json\/wp\/v2\/tags?post=15025"}],"curies":[{"name":"wp","href":"https:\/\/api.w.org\/{rel}","templated":true}]}}