{"id":14889,"date":"2023-06-26T11:54:52","date_gmt":"2023-06-26T11:54:52","guid":{"rendered":"https:\/\/www.asta-trier.de\/?p=14889"},"modified":"2023-07-03T09:57:26","modified_gmt":"2023-07-03T09:57:26","slug":"veganer-brunch-2","status":"publish","type":"post","link":"https:\/\/www.asta-trier.de\/gb\/veranstaltungsarchiv\/veganer-brunch-2\/","title":{"rendered":"Veganer Brunch"},"content":{"rendered":"\n<p>Der Vegane Brunch startet ins Sommersemester!<\/p>\n\n\n\n<p>Am 02.07. ab 10:30 freuen wir uns, euch wieder im Studihaus begr\u00fc\u00dfen zu d\u00fcrfen.<\/p>\n\n\n\n<p>Der Brunch findet als Mitbring-Brunch statt. Das hei\u00dft, jede*r bringt etwas mit.<\/p>\n\n\n\n<p>F\u00fcr Personen, die nichts mitbringen k\u00f6nnen, wird es trotzdem die M\u00f6glichkeit geben, gegen 4\u20ac Teilnahmegeb\u00fchr dabei zu sein.<\/p>\n","protected":false},"excerpt":{"rendered":"<p>Der Vegane Brunch startet ins Sommersemester! Am 02.07. ab 10:30 freuen wir uns, euch wieder im Studihaus begr\u00fc\u00dfen zu d\u00fcrfen. Der Brunch findet als Mitbring-Brunch statt. Das hei\u00dft, jede*r bringt etwas mit. F\u00fcr Personen, die nichts mitbringen k\u00f6nnen, wird es trotzdem die M\u00f6glichkeit geben, gegen 4\u20ac Teilnahmegeb\u00fchr dabei zu sein.<\/p>\n","protected":false},"author":24,"featured_media":14890,"comment_status":"open","ping_status":"open","sticky":false,"template":"","format":"standard","meta":{"neve_meta_sidebar":"","neve_meta_container":"","neve_meta_enable_content_width":"","neve_meta_content_width":0,"neve_meta_title_alignment":"","neve_meta_author_avatar":"","neve_post_elements_order":"","neve_meta_disable_header":"","neve_meta_disable_footer":"","neve_meta_disable_title":"","footnotes":""},"categories":[39],"tags":[],"class_list":["post-14889","post","type-post","status-publish","format-standard","has-post-thumbnail","hentry","category-veranstaltungsarchiv"],"translation":{"provider":"WPGlobus","version":"3.0.2","language":"gb","enabled_languages":["de","gb"],"languages":{"de":{"title":true,"content":true,"excerpt":false},"gb":{"title":false,"content":false,"excerpt":false}}},"_links":{"self":[{"href":"https:\/\/www.asta-trier.de\/gb\/wp-json\/wp\/v2\/posts\/14889","targetHints":{"allow":["GET"]}}],"collection":[{"href":"https:\/\/www.asta-trier.de\/gb\/wp-json\/wp\/v2\/posts"}],"about":[{"href":"https:\/\/www.asta-trier.de\/gb\/wp-json\/wp\/v2\/types\/post"}],"author":[{"embeddable":true,"href":"https:\/\/www.asta-trier.de\/gb\/wp-json\/wp\/v2\/users\/24"}],"replies":[{"embeddable":true,"href":"https:\/\/www.asta-trier.de\/gb\/wp-json\/wp\/v2\/comments?post=14889"}],"version-history":[{"count":1,"href":"https:\/\/www.asta-trier.de\/gb\/wp-json\/wp\/v2\/posts\/14889\/revisions"}],"predecessor-version":[{"id":14891,"href":"https:\/\/www.asta-trier.de\/gb\/wp-json\/wp\/v2\/posts\/14889\/revisions\/14891"}],"wp:featuredmedia":[{"embeddable":true,"href":"https:\/\/www.asta-trier.de\/gb\/wp-json\/wp\/v2\/media\/14890"}],"wp:attachment":[{"href":"https:\/\/www.asta-trier.de\/gb\/wp-json\/wp\/v2\/media?parent=14889"}],"wp:term":[{"taxonomy":"category","embeddable":true,"href":"https:\/\/www.asta-trier.de\/gb\/wp-json\/wp\/v2\/categories?post=14889"},{"taxonomy":"post_tag","embeddable":true,"href":"https:\/\/www.asta-trier.de\/gb\/wp-json\/wp\/v2\/tags?post=14889"}],"curies":[{"name":"wp","href":"https:\/\/api.w.org\/{rel}","templated":true}]}}