{"id":14031,"date":"2022-11-21T12:11:47","date_gmt":"2022-11-21T12:11:47","guid":{"rendered":"https:\/\/www.asta-trier.de\/?p=14031"},"modified":"2023-01-09T16:37:21","modified_gmt":"2023-01-09T16:37:21","slug":"zur-sache-einfuehrungsvortraege-zu-aktuellen-gesellschaftlichen-themen","status":"publish","type":"post","link":"https:\/\/www.asta-trier.de\/gb\/veranstaltungsarchiv\/zur-sache-einfuehrungsvortraege-zu-aktuellen-gesellschaftlichen-themen\/","title":{"rendered":"zur sache! einf\u00fchrungsvortr\u00e4ge zu aktuellen gesellschaftlichen themen"},"content":{"rendered":"\n<p>Wintersemester hei\u00dft auch wieder mehr Vortr\u00e4ge und Diskussionen. Bis Weihnachten veranstaltet das Referat f\u00fcr politische Bildung gemeinsam mit dem Referat f\u00fcr Antirassismus und Antifaschismus eine Reihe unter dem Titel \u201ezur sache!\u201c. Die einf\u00fchrenden Veranstaltungen richten sich an alle Studierenden die sich gerne mit den Themen auseinandersetzen wollen und einen Zugang dazu finden m\u00f6chten. Den Anfang macht der Soziologe und Aktivist Andreas Kemper zum Thema Klassismus und Bildungsbenachteiligung am Donnerstag den 24.11. in Raum B21. Am 08.12. referieren die iia-Mitglieder Luisa G\u00e4rtner und Lennard Schmidt zum Thema Antisemitimus. Kurz vor der Weihnachtspause spricht Tom Uhlig zum Thema Extremismustheorie. Bevor es dann im neuen Jahr mit neuen spannenden Themen weitergeht.<\/p>\n\n\n\n<p><strong>Termine<\/strong><\/p>\n\n\n\n<p><strong>24.11.22 | 19 Uhr | B21: <\/strong>Klassismus und Bildungsbenachteiligung &#8211; Andreas Kemper<\/p>\n\n\n\n<p><strong>08.12.22 | 19 Uhr | B21:<\/strong> Einf\u00fchrung in die Kritik des Antisemitismus &#8211; Luisa G\u00e4rtner und Lennard Schmidt<\/p>\n\n\n\n<p><strong>13.12.22 | 19 Uhr | C22:<\/strong> Extremismustheorie &#8211; Gleichsetzung von Links und Rechts &#8211; Tom Uhlig<\/p>\n","protected":false},"excerpt":{"rendered":"<p>Wintersemester hei\u00dft auch wieder mehr Vortr\u00e4ge und Diskussionen. Bis Weihnachten veranstaltet das Referat f\u00fcr politische Bildung gemeinsam mit dem Referat f\u00fcr Antirassismus und Antifaschismus eine Reihe unter dem Titel \u201ezur sache!\u201c. Die einf\u00fchrenden Veranstaltungen richten sich an alle Studierenden die sich gerne mit den Themen auseinandersetzen wollen und einen Zugang dazu finden m\u00f6chten. Den Anfang&hellip;&nbsp;<a href=\"https:\/\/www.asta-trier.de\/gb\/veranstaltungsarchiv\/zur-sache-einfuehrungsvortraege-zu-aktuellen-gesellschaftlichen-themen\/\" rel=\"bookmark\">Read More &raquo;<span class=\"screen-reader-text\">zur sache! einf\u00fchrungsvortr\u00e4ge zu aktuellen gesellschaftlichen themen<\/span><\/a><\/p>\n","protected":false},"author":24,"featured_media":14032,"comment_status":"open","ping_status":"open","sticky":false,"template":"","format":"standard","meta":{"neve_meta_sidebar":"","neve_meta_container":"","neve_meta_enable_content_width":"","neve_meta_content_width":0,"neve_meta_title_alignment":"","neve_meta_author_avatar":"","neve_post_elements_order":"","neve_meta_disable_header":"","neve_meta_disable_footer":"","neve_meta_disable_title":"","footnotes":""},"categories":[39],"tags":[],"class_list":["post-14031","post","type-post","status-publish","format-standard","has-post-thumbnail","hentry","category-veranstaltungsarchiv"],"translation":{"provider":"WPGlobus","version":"3.0.2","language":"gb","enabled_languages":["de","gb"],"languages":{"de":{"title":true,"content":true,"excerpt":false},"gb":{"title":false,"content":false,"excerpt":false}}},"_links":{"self":[{"href":"https:\/\/www.asta-trier.de\/gb\/wp-json\/wp\/v2\/posts\/14031","targetHints":{"allow":["GET"]}}],"collection":[{"href":"https:\/\/www.asta-trier.de\/gb\/wp-json\/wp\/v2\/posts"}],"about":[{"href":"https:\/\/www.asta-trier.de\/gb\/wp-json\/wp\/v2\/types\/post"}],"author":[{"embeddable":true,"href":"https:\/\/www.asta-trier.de\/gb\/wp-json\/wp\/v2\/users\/24"}],"replies":[{"embeddable":true,"href":"https:\/\/www.asta-trier.de\/gb\/wp-json\/wp\/v2\/comments?post=14031"}],"version-history":[{"count":2,"href":"https:\/\/www.asta-trier.de\/gb\/wp-json\/wp\/v2\/posts\/14031\/revisions"}],"predecessor-version":[{"id":14034,"href":"https:\/\/www.asta-trier.de\/gb\/wp-json\/wp\/v2\/posts\/14031\/revisions\/14034"}],"wp:featuredmedia":[{"embeddable":true,"href":"https:\/\/www.asta-trier.de\/gb\/wp-json\/wp\/v2\/media\/14032"}],"wp:attachment":[{"href":"https:\/\/www.asta-trier.de\/gb\/wp-json\/wp\/v2\/media?parent=14031"}],"wp:term":[{"taxonomy":"category","embeddable":true,"href":"https:\/\/www.asta-trier.de\/gb\/wp-json\/wp\/v2\/categories?post=14031"},{"taxonomy":"post_tag","embeddable":true,"href":"https:\/\/www.asta-trier.de\/gb\/wp-json\/wp\/v2\/tags?post=14031"}],"curies":[{"name":"wp","href":"https:\/\/api.w.org\/{rel}","templated":true}]}}