{"id":11112,"date":"2020-12-24T09:00:35","date_gmt":"2020-12-24T09:00:35","guid":{"rendered":"https:\/\/www.asta-trier.de\/?p=11055"},"modified":"2022-05-30T22:22:19","modified_gmt":"2022-05-30T22:22:19","slug":"tuerchen-nr-24-frohe-weihnachten","status":"publish","type":"post","link":"https:\/\/www.asta-trier.de\/gb\/adventskalender\/tuerchen-nr-24-frohe-weihnachten\/","title":{"rendered":"T\u00fcrchen Nr. 24 &#8211; Frohe Weihnachten!"},"content":{"rendered":"<p>Wie, ist es nun schon so weit? Heilig Abend steht vor der T\u00fcr!<br \/>\nHier ein paar kleine Worte von uns, um Weihnachten einzul\u00e4uten und das Jahr noch schnell Revue passieren zu lassen.<\/p>\n<hr \/>\n<p>Ich pers\u00f6nlich bin ja emotional irgendwo im Herbst gestrandet und hab dieses Jahr noch so gar keine Weihnachtsstimmung. R\u00fcckblickend fand ich das Jahr gar nicht so \u00fcbel: Ich habe viel gen\u00e4ht, gezeichnet, gepuzzled und -dank des Adventskalenders- einige neue DIYs ausprobiert \ud83d\ude42 F\u00fcrs Sommersemester erhoffe ich mir, dass wir euch zumindest wieder Exkursionen und Wanderungen anbieten k\u00f6nnen und tr\u00e4ume derweil weiterhin von unseren Veganen Brunches, die momentan wohl nur noch in einem utopischen Paralleluniversum stattfinden d\u00fcrfen.<\/p>\n<p>&#8211;<em> Alina, Co-Referentin<\/em><\/p>\n<hr \/>\n<p>Noch voller Optimismus hatten wir im Fr\u00fchjahr bereits zahlreiche Veranstaltungen organisiert, die wir dann leider absagen mussten. Stattdessen haben wir selbst zu verschiedenen Themen recherchiert und mit viel Aufwand und unser &#8220;<a href=\"https:\/\/www.asta-trier.de\/referate\/nachhaltigkeit\/digitales-sommersemester-2020\/\">digitales Sommersemester<\/a>&#8221; gestaltet. Auch die Uni hat in diesem Jahr gezeigt, dass sie kurzfristig ihre Prozesse sehr stark anpassen konnte. Ich w\u00fcrde die gleiche (oder eine noch st\u00e4rkere) Dynamik bei der Gestaltung einer nachhaltigen Universit\u00e4t w\u00fcnschen.<\/p>\n<p>Und wenn ich mir etwas zu Weihnachten w\u00fcnschen darf, dann w\u00e4re es ein Nachhaltigkeitsb\u00fcro in der Universit\u00e4t.<\/p>\n<p>&#8211;<em> Tobi, Hauptreferent<br \/>\n<\/em><\/p>\n<hr \/>\n","protected":false},"excerpt":{"rendered":"<p>Wie, ist es nun schon so weit? Heilig Abend steht vor der T\u00fcr! Hier ein paar kleine Worte von uns, um Weihnachten einzul\u00e4uten und das Jahr noch schnell Revue passieren zu lassen. Ich pers\u00f6nlich bin ja emotional irgendwo im Herbst gestrandet und hab dieses Jahr noch so gar keine Weihnachtsstimmung. R\u00fcckblickend fand ich das Jahr&hellip;&nbsp;<a href=\"https:\/\/www.asta-trier.de\/gb\/adventskalender\/tuerchen-nr-24-frohe-weihnachten\/\" rel=\"bookmark\">Read More &raquo;<span class=\"screen-reader-text\">T\u00fcrchen Nr. 24 &#8211; Frohe Weihnachten!<\/span><\/a><\/p>\n","protected":false},"author":4,"featured_media":11056,"comment_status":"closed","ping_status":"closed","sticky":false,"template":"","format":"standard","meta":{"neve_meta_sidebar":"","neve_meta_container":"","neve_meta_enable_content_width":"","neve_meta_content_width":0,"neve_meta_title_alignment":"","neve_meta_author_avatar":"","neve_post_elements_order":"","neve_meta_disable_header":"","neve_meta_disable_footer":"","neve_meta_disable_title":"","footnotes":""},"categories":[32],"tags":[],"class_list":["post-11112","post","type-post","status-publish","format-standard","has-post-thumbnail","hentry","category-adventskalender"],"translation":{"provider":"WPGlobus","version":"3.0.2","language":"gb","enabled_languages":["de","gb"],"languages":{"de":{"title":true,"content":true,"excerpt":false},"gb":{"title":false,"content":false,"excerpt":false}}},"_links":{"self":[{"href":"https:\/\/www.asta-trier.de\/gb\/wp-json\/wp\/v2\/posts\/11112","targetHints":{"allow":["GET"]}}],"collection":[{"href":"https:\/\/www.asta-trier.de\/gb\/wp-json\/wp\/v2\/posts"}],"about":[{"href":"https:\/\/www.asta-trier.de\/gb\/wp-json\/wp\/v2\/types\/post"}],"author":[{"embeddable":true,"href":"https:\/\/www.asta-trier.de\/gb\/wp-json\/wp\/v2\/users\/4"}],"replies":[{"embeddable":true,"href":"https:\/\/www.asta-trier.de\/gb\/wp-json\/wp\/v2\/comments?post=11112"}],"version-history":[{"count":1,"href":"https:\/\/www.asta-trier.de\/gb\/wp-json\/wp\/v2\/posts\/11112\/revisions"}],"predecessor-version":[{"id":12924,"href":"https:\/\/www.asta-trier.de\/gb\/wp-json\/wp\/v2\/posts\/11112\/revisions\/12924"}],"wp:featuredmedia":[{"embeddable":true,"href":"https:\/\/www.asta-trier.de\/gb\/wp-json\/"}],"wp:attachment":[{"href":"https:\/\/www.asta-trier.de\/gb\/wp-json\/wp\/v2\/media?parent=11112"}],"wp:term":[{"taxonomy":"category","embeddable":true,"href":"https:\/\/www.asta-trier.de\/gb\/wp-json\/wp\/v2\/categories?post=11112"},{"taxonomy":"post_tag","embeddable":true,"href":"https:\/\/www.asta-trier.de\/gb\/wp-json\/wp\/v2\/tags?post=11112"}],"curies":[{"name":"wp","href":"https:\/\/api.w.org\/{rel}","templated":true}]}}