{"id":10814,"date":"2020-12-14T09:00:49","date_gmt":"2020-12-14T08:00:49","guid":{"rendered":"https:\/\/www.asta-trier.de\/?p=10814"},"modified":"2022-02-19T13:04:54","modified_gmt":"2022-02-19T13:04:54","slug":"tuerchen-nr-14-nachhaltige-engagement-in-trier","status":"publish","type":"post","link":"https:\/\/www.asta-trier.de\/gb\/nachhaltigkeit\/tuerchen-nr-14-nachhaltige-engagement-in-trier\/","title":{"rendered":"T\u00fcrchen Nr. 14 &#8211; Nachhaltiges Engagement in Trier"},"content":{"rendered":"<p>Du m\u00f6chtest dich im Bereich Nachhaltigkeit engagieren? Ob ehrenamtlich oder als Praktika, hier zeigen wir dir ein paar tolle Insitutionen, bei denen das m\u00f6glich ist!<\/p>\n<p><strong>Referat f\u00fcr Nachhaltigkeit<br \/>\n<\/strong>Nat\u00fcrlich m\u00fcssen wir an dieser Stelle erst mal ein wenig Eigenwerbung machen \ud83d\ude09<br \/>\nWir sind Studis aus verschiedenen Fachrichtungen, die alle eines gemeinsam haben: Nachhaltige Themen an der Uni anzusprechen, umzusetzen und zu f\u00f6rdern. Seit dem Bestehen unseres Referates (fr\u00fcher als \u00d6koreferat, seit einiger Zeit Nachhaltigkeitsreferat) bem\u00fchen wir uns Studis f\u00fcr Nachhaltigkeit zu begeistern &#8211; ob durch vegane Brunches, Kleidertauschparties, Wanderungen oder Vortr\u00e4ge.<br \/>\nDu bist Studi der Uni Trier und willst bei uns mitmachen? Schreib uns einfach &#8216;ne Email an <span style=\"text-decoration: underline; color: #339966;\">astanachhaltig@uni-trier.de<\/span><\/p>\n<p><strong><br \/>\nLokale Agenda 21 Trier e.V.<br \/>\n<\/strong>Hier kann man auch Praktika absolvieren und sich bei der Organisation von Veranstaltungen zu Nachhaltigkeitsthemen, \u00d6ffentlichkeits- und Pressearbeit sowie bei der Netzwerkaktivit\u00e4ten einsetzen. Bei Interesse wendet euch an <span style=\"text-decoration: underline;\"><span style=\"color: #339966; text-decoration: underline;\">lungershausen@la21-trier.de<\/span><\/span><\/p>\n<p><b><br \/>\nRepair Caf\u00e9 Trier<br \/>\n<\/b><span style=\"font-weight: 400;\">Hier k\u00f6nnt ihr eure praktischen (N\u00e4hen, Reparieren) sowie organisatorische Skills einsetzen. Jeden letzten Samstag im Monat (au\u00dfer Dezember) wird im Repair Caf\u00e9 vielen Gegenst\u00e4nden, Elektroger\u00e4ten und Kleiderst\u00fccken ein neues Leben geschenkt. Bei Interesse meldet euch unter <\/span><span style=\"text-decoration: underline;\"><span style=\"font-weight: 400; color: #339966; text-decoration: underline;\">repaircafe@la21-trier.de<\/span><\/span><\/p>\n<p><span style=\"text-decoration: underline;\"><span style=\"color: #339966; text-decoration: underline;\"><span style=\"color: #000000;\"><br \/>\n<\/span><\/span><\/span><b>NABU Trier<br \/>\n<\/b><span style=\"font-weight: 400;\">Falls ihr die bedrohten Arten sch\u00fctzen m\u00f6chtet, Biodiversit\u00e4t f\u00f6rdern oder bei der Ferienfreizeiten aushelfen, meldet euch bei Naturschutzbund Deutschland Region Trier unter <\/span><span style=\"text-decoration: underline; color: #339966;\"><span style=\"font-weight: 400;\">region.trier@nabu-rlp.de<\/span><\/span><span style=\"font-weight: 400;\"> an.\u00a0<\/span><\/p>\n<p><b><br \/>\nGreenpeace Trier<br \/>\n<\/b><span style=\"font-weight: 400;\">Bei der Trierer Ortsgruppe von Greenpeace gibt es auch zahlreiche Themen, Projekte und Veranstaltungen, sei es im Bereich der Artenvielfalt, Energiewende oder Klimawandel, bei denen man sich engagieren kann. Wenn ihr Lust auf Engagement bei Greenpeace Trier habt, schreit eine E-Mail an: <\/span><span style=\"text-decoration: underline;\"><span style=\"font-weight: 400; color: #339966; text-decoration: underline;\">info@trier.greenpeace.de<\/span><\/span><\/p>\n<p><b><br \/>\nBee.Ed &#8211; Das Bienenprojekt der Universit\u00e4t Trier<br \/>\n<\/b><span style=\"font-weight: 400;\">Wolltet ihr schon immer etwas \u00fcber die Bienen oder nachhaltiges Imkern lernen? Dann meldet euch bei der Hochschulgruppe Bee.Ed an: <\/span><span style=\"font-weight: 400;\"><span style=\"text-decoration: underline; color: #339966;\">bee-ed@uni-trier.de<\/span><\/span><\/p>\n<p><b><br \/>\nTierschutzverein Trier und Umgebung e.V.<br \/>\n<\/b><b><span style=\"font-weight: 400;\">Das Engagement in dem Tierheim Trier-Zewen kann sehr unterschiedlich sein: von Hilfe bei Reinigungsarbeiten bis Gassigehen und Tierpflege. Meldet euch unter <\/span><span style=\"text-decoration: underline; color: #339966;\"><span style=\"font-weight: 400;\">info@tierheim-trier.de<\/span><\/span><span style=\"font-weight: 400;\">, falls ihr Interesse habt.<\/span><\/b><\/p>\n<p><b><br \/>\nEhrenamtsagentur Trier<br \/>\n<\/b><span style=\"font-weight: 400;\">Falls ihr Lust auf Engagement habt, m\u00f6chtet euch aber mehr \u00fcber die M\u00f6glichkeiten und Projekte informieren, nimmt gerne die Beratung von Ehrenamtsagentur Trier in Anspruch. Einen Termin f\u00fcr pers\u00f6nliche Beratung kann man unter <\/span><span style=\"text-decoration: underline; color: #339966;\"><span style=\"font-weight: 400;\">kontakt@ehrenamtsagentur-trier.de<\/span><\/span><span style=\"font-weight: 400;\"> ausmachen.<\/span><\/p>\n<p>&nbsp;<\/p>\n<p><b>NaturFreunde Trier-Quint e. V.<br \/>\n<\/b><span style=\"font-weight: 400;\">Wen ihr die Themen der Nachhaltigkeit und Naturschutzes Sch\u00fcler:innen nahebringen m\u00f6chtet, werdet ein Mitglied von NaturFreunde Trier-Quint. Wenn ihr interessiert seid, schreibt eine E-Mail an: <\/span><span style=\"text-decoration: underline; color: #339966;\"><span style=\"font-weight: 400;\">nfh-trier-quint@naturfreunde.de<\/span><\/span><\/p>\n","protected":false},"excerpt":{"rendered":"<p>Du m\u00f6chtest dich im Bereich Nachhaltigkeit engagieren? Ob ehrenamtlich oder als Praktika, hier zeigen wir dir ein paar tolle Insitutionen, bei denen das m\u00f6glich ist! Referat f\u00fcr Nachhaltigkeit Nat\u00fcrlich m\u00fcssen wir an dieser Stelle erst mal ein wenig Eigenwerbung machen \ud83d\ude09 Wir sind Studis aus verschiedenen Fachrichtungen, die alle eines gemeinsam haben: Nachhaltige Themen an&hellip;&nbsp;<a href=\"https:\/\/www.asta-trier.de\/gb\/nachhaltigkeit\/tuerchen-nr-14-nachhaltige-engagement-in-trier\/\" rel=\"bookmark\">Read More &raquo;<span class=\"screen-reader-text\">T\u00fcrchen Nr. 14 &#8211; Nachhaltiges Engagement in Trier<\/span><\/a><\/p>\n","protected":false},"author":4,"featured_media":0,"comment_status":"closed","ping_status":"closed","sticky":false,"template":"","format":"standard","meta":{"neve_meta_sidebar":"","neve_meta_container":"","neve_meta_enable_content_width":"","neve_meta_content_width":0,"neve_meta_title_alignment":"","neve_meta_author_avatar":"","neve_post_elements_order":"","neve_meta_disable_header":"","neve_meta_disable_footer":"","neve_meta_disable_title":"","footnotes":""},"categories":[32,12],"tags":[],"class_list":["post-10814","post","type-post","status-publish","format-standard","hentry","category-adventskalender","category-nachhaltigkeit"],"translation":{"provider":"WPGlobus","version":"3.0.2","language":"gb","enabled_languages":["de","gb"],"languages":{"de":{"title":true,"content":true,"excerpt":false},"gb":{"title":false,"content":false,"excerpt":false}}},"_links":{"self":[{"href":"https:\/\/www.asta-trier.de\/gb\/wp-json\/wp\/v2\/posts\/10814","targetHints":{"allow":["GET"]}}],"collection":[{"href":"https:\/\/www.asta-trier.de\/gb\/wp-json\/wp\/v2\/posts"}],"about":[{"href":"https:\/\/www.asta-trier.de\/gb\/wp-json\/wp\/v2\/types\/post"}],"author":[{"embeddable":true,"href":"https:\/\/www.asta-trier.de\/gb\/wp-json\/wp\/v2\/users\/4"}],"replies":[{"embeddable":true,"href":"https:\/\/www.asta-trier.de\/gb\/wp-json\/wp\/v2\/comments?post=10814"}],"version-history":[{"count":1,"href":"https:\/\/www.asta-trier.de\/gb\/wp-json\/wp\/v2\/posts\/10814\/revisions"}],"predecessor-version":[{"id":11061,"href":"https:\/\/www.asta-trier.de\/gb\/wp-json\/wp\/v2\/posts\/10814\/revisions\/11061"}],"wp:attachment":[{"href":"https:\/\/www.asta-trier.de\/gb\/wp-json\/wp\/v2\/media?parent=10814"}],"wp:term":[{"taxonomy":"category","embeddable":true,"href":"https:\/\/www.asta-trier.de\/gb\/wp-json\/wp\/v2\/categories?post=10814"},{"taxonomy":"post_tag","embeddable":true,"href":"https:\/\/www.asta-trier.de\/gb\/wp-json\/wp\/v2\/tags?post=10814"}],"curies":[{"name":"wp","href":"https:\/\/api.w.org\/{rel}","templated":true}]}}