{"id":10425,"date":"2020-12-01T20:41:35","date_gmt":"2020-12-01T20:41:35","guid":{"rendered":"https:\/\/www.asta-trier.de\/?p=10425"},"modified":"2022-02-19T14:37:47","modified_gmt":"2022-02-19T14:37:47","slug":"tuerchen-nr-1-vegane-zimtschnecken","status":"publish","type":"post","link":"https:\/\/www.asta-trier.de\/gb\/nachhaltigkeit\/tuerchen-nr-1-vegane-zimtschnecken\/","title":{"rendered":"T\u00fcrchen Nr. 1 &#8211; Vegane Zimtschnecken"},"content":{"rendered":"<p><strong>Zutaten:<\/strong><\/p>\n<p style=\"padding-left: 40px;\"><em>Hefeteig:<\/em><br \/>\n250 Milliliter Mandelmilch (oder eine andere Pflanzenmilch)<br \/>\n1 W\u00fcrfel Hefe<br \/>\n60 Gramm Zucker<br \/>\n50 Gramm Pflanzenmargarine<br \/>\n500 Gramm Mehl<br \/>\n1 Prise Salz<\/p>\n<p style=\"padding-left: 40px;\"><em>F\u00fcllung:<\/em><br \/>\n40 Gramm Pflanzenmargarine<br \/>\nZucker<br \/>\nZimt<\/p>\n<p style=\"padding-left: 40px;\"><em>Zuckerguss:<\/em><br \/>\n150 Gramm Puderzucker<br \/>\n2 EL Mandelmilch<\/p>\n<p><strong>Zubereitung:<\/strong><\/p>\n<p style=\"padding-left: 40px;\">1. Milch erw\u00e4rmen (nicht kochend), Hefe, Zucker &amp; Margarine darin aufl\u00f6sen<br \/>\n2. Mehl in einer Sch\u00fcssel mit Salz vermengen, die Milchmischung hinzugeben und zu einem glatten Teig verkneten. Teig an einem warmen Ort zugedeckt 45 Minuten gehen lassen.<br \/>\n3. Teig d\u00fcnn in einem Rechteck ausrollen. Margarine schmelzen und auf dem Teig verstreichen, dick mit Zimt&amp;Zucker bestreuen. Teig einrollen und in ca 5cm dicke Scheiben schneiden.<br \/>\n4. Zimtschnecken in einer eingefetteten Form verteilen und noch einmal 15 Minuten an einem warmen Ort zugedeckt gehen lassen.<br \/>\n5. Zimtschnecken im Ofen bei 200 Grad ca 15-20 Minuten backen bis sie goldbraun sind.<br \/>\n6. Zuckerguss anr\u00fchren (Puderzucker am besten sieben) und \u00fcber die etwas abgek\u00fchlten Zimtschnecken gie\u00dfen.<\/p>\n","protected":false},"excerpt":{"rendered":"<p>Zutaten: Hefeteig: 250 Milliliter Mandelmilch (oder eine andere Pflanzenmilch) 1 W\u00fcrfel Hefe 60 Gramm Zucker 50 Gramm Pflanzenmargarine 500 Gramm Mehl 1 Prise Salz F\u00fcllung: 40 Gramm Pflanzenmargarine Zucker Zimt Zuckerguss: 150 Gramm Puderzucker 2 EL Mandelmilch Zubereitung: 1. Milch erw\u00e4rmen (nicht kochend), Hefe, Zucker &amp; Margarine darin aufl\u00f6sen 2. Mehl in einer Sch\u00fcssel mit&hellip;&nbsp;<a href=\"https:\/\/www.asta-trier.de\/gb\/nachhaltigkeit\/tuerchen-nr-1-vegane-zimtschnecken\/\" rel=\"bookmark\">Read More &raquo;<span class=\"screen-reader-text\">T\u00fcrchen Nr. 1 &#8211; Vegane Zimtschnecken<\/span><\/a><\/p>\n","protected":false},"author":4,"featured_media":10441,"comment_status":"closed","ping_status":"closed","sticky":false,"template":"","format":"standard","meta":{"neve_meta_sidebar":"","neve_meta_container":"","neve_meta_enable_content_width":"","neve_meta_content_width":0,"neve_meta_title_alignment":"","neve_meta_author_avatar":"","neve_post_elements_order":"","neve_meta_disable_header":"","neve_meta_disable_footer":"","neve_meta_disable_title":"","footnotes":""},"categories":[32,12,33],"tags":[],"class_list":["post-10425","post","type-post","status-publish","format-standard","has-post-thumbnail","hentry","category-adventskalender","category-nachhaltigkeit","category-veganerezepte"],"translation":{"provider":"WPGlobus","version":"3.0.2","language":"gb","enabled_languages":["de","gb"],"languages":{"de":{"title":true,"content":true,"excerpt":false},"gb":{"title":false,"content":false,"excerpt":false}}},"_links":{"self":[{"href":"https:\/\/www.asta-trier.de\/gb\/wp-json\/wp\/v2\/posts\/10425","targetHints":{"allow":["GET"]}}],"collection":[{"href":"https:\/\/www.asta-trier.de\/gb\/wp-json\/wp\/v2\/posts"}],"about":[{"href":"https:\/\/www.asta-trier.de\/gb\/wp-json\/wp\/v2\/types\/post"}],"author":[{"embeddable":true,"href":"https:\/\/www.asta-trier.de\/gb\/wp-json\/wp\/v2\/users\/4"}],"replies":[{"embeddable":true,"href":"https:\/\/www.asta-trier.de\/gb\/wp-json\/wp\/v2\/comments?post=10425"}],"version-history":[{"count":1,"href":"https:\/\/www.asta-trier.de\/gb\/wp-json\/wp\/v2\/posts\/10425\/revisions"}],"predecessor-version":[{"id":11071,"href":"https:\/\/www.asta-trier.de\/gb\/wp-json\/wp\/v2\/posts\/10425\/revisions\/11071"}],"wp:featuredmedia":[{"embeddable":true,"href":"https:\/\/www.asta-trier.de\/gb\/wp-json\/"}],"wp:attachment":[{"href":"https:\/\/www.asta-trier.de\/gb\/wp-json\/wp\/v2\/media?parent=10425"}],"wp:term":[{"taxonomy":"category","embeddable":true,"href":"https:\/\/www.asta-trier.de\/gb\/wp-json\/wp\/v2\/categories?post=10425"},{"taxonomy":"post_tag","embeddable":true,"href":"https:\/\/www.asta-trier.de\/gb\/wp-json\/wp\/v2\/tags?post=10425"}],"curies":[{"name":"wp","href":"https:\/\/api.w.org\/{rel}","templated":true}]}}